{"id":4500,"date":"2021-01-26T19:04:20","date_gmt":"2021-01-26T18:04:20","guid":{"rendered":"https:\/\/5jobs.eu\/?post_type=blog&#038;p=4500"},"modified":"2022-05-10T22:35:06","modified_gmt":"2022-05-10T20:35:06","slug":"pandemiczny-rynek-pracy","status":"publish","type":"blog","link":"https:\/\/5jobs.eu\/pl\/rekruter-blog\/pandemiczny-rynek-pracy\/","title":{"rendered":"Pandemiczny rynek pracy"},"content":{"rendered":"<p><a href=\"https:\/\/5jobs.eu\/pl\/rekruter-blog\/pandemiczny-rynek-pracy\/\"><img loading=\"lazy\" decoding=\"async\" class=\"alignnone wp-image-5951\" src=\"https:\/\/5jobs.eu\/wp-content\/uploads\/AdobeStock_323337512-1024x650.jpeg\" alt=\"\" width=\"806\" height=\"512\" srcset=\"https:\/\/5jobs.eu\/wp-content\/uploads\/AdobeStock_323337512-1024x650.jpeg 1024w, https:\/\/5jobs.eu\/wp-content\/uploads\/AdobeStock_323337512-300x191.jpeg 300w, https:\/\/5jobs.eu\/wp-content\/uploads\/AdobeStock_323337512-768x488.jpeg 768w, https:\/\/5jobs.eu\/wp-content\/uploads\/AdobeStock_323337512-1536x976.jpeg 1536w, https:\/\/5jobs.eu\/wp-content\/uploads\/AdobeStock_323337512-2048x1301.jpeg 2048w\" sizes=\"auto, (max-width: 806px) 100vw, 806px\" \/><\/a><\/p>\n<p>Zbli\u017ca si\u0119 rocznica pocz\u0105tku epidemii, kt\u00f3ra szybko sta\u0142a si\u0119 pandemi\u0105 gwa\u0142townie rujnuj\u0105c\u0105 otaczaj\u0105c\u0105 nas\u00a0 rzeczywisto\u015b\u0107. Coraz powa\u017cniejsze staj\u0105 si\u0119 obawy \u017ce tak zwana &#8222;nowa normalno\u015b\u0107&#8221; potrwa lata albo nawet stanie si\u0119 endemiczna czy wr\u0119cz permanentna.<\/p>\n<p>Wiele bran\u017c ponosi dramatyczne konsekwencje obecnej sytuacji. Jednak w odniesieniu do bran\u017cy opakowaniowej i poligraficznej pewne jest \u017ce nie nast\u0105pi\u0142o ani nie zapowiada si\u0119 za\u0142amanie. Pojawiaj\u0105 si\u0119 jednak informacje z poszczeg\u00f3lnych firm o spadkach sprzeda\u017cy w ubieg\u0142ym roku si\u0119gaj\u0105cych 20 procent. Pewne segmenty tych bran\u017c funkcjonuj\u0105 jednak co najmniej r\u00f3wnie dobrze jak w erze przedkoronawirusowej. Wynika to ze znanej elastyczno\u015bci polskich przedsi\u0119biorc\u00f3w i mened\u017cer\u00f3w kt\u00f3ra zaskutkowa\u0142a na przyk\u0142ad rozszerzeniem portfolio przez dystrybutor\u00f3w opakowa\u0144, papieru i ABiS o szerok\u0105 ofert\u0119 materia\u0142\u00f3w dezynfekcyjnych i innych zwi\u0105zanych z pandemi\u0105.<\/p>\n<p>Ruch pracownik\u00f3w opuszczaj\u0105cych przedmiotowe bran\u017ce by\u0142 zawsze ograniczony w por\u00f3wnaniu z wi\u0119kszo\u015bci\u0105 segment\u00f3w produkcji i handlu. Obecnie szerzej pojawi\u0142o si\u0119 zjawisko podejmowania pr\u00f3b powrotu do bran\u017cy poligraficznej i opakowaniowej os\u00f3b kt\u00f3re je opu\u015bci\u0142y a ostatnio pracowa\u0142y w firmach nara\u017conych na wi\u0119ksze konsekwencje sytuacji spowodowanej koronowirusem.<\/p>\n<p>&nbsp;<\/p>\n<p><a href=\"https:\/\/www.facebook.com\/5JOBS-Rekrutacje-Bran%C5%BCowe-110330031549260\/news_feed\" target=\"_blank\" rel=\"noopener noreferrer\"><img loading=\"lazy\" decoding=\"async\" class=\"alignleft wp-image-5942\" src=\"https:\/\/5jobs.eu\/wp-content\/uploads\/FindUs-FB-RGB-BRC-Site-500.png\" alt=\"\" width=\"213\" height=\"40\" \/><\/a><\/p>\n<p>&nbsp;<\/p>\n<p>&nbsp;<\/p>\n<p>&nbsp;<\/p>\n","protected":false},"comment_status":"open","ping_status":"closed","template":"","class_list":["post-4500","blog","type-blog","status-publish","hentry"],"acf":[],"_links":{"self":[{"href":"https:\/\/5jobs.eu\/pl\/wp-json\/wp\/v2\/blog\/4500","targetHints":{"allow":["GET"]}}],"collection":[{"href":"https:\/\/5jobs.eu\/pl\/wp-json\/wp\/v2\/blog"}],"about":[{"href":"https:\/\/5jobs.eu\/pl\/wp-json\/wp\/v2\/types\/blog"}],"replies":[{"embeddable":true,"href":"https:\/\/5jobs.eu\/pl\/wp-json\/wp\/v2\/comments?post=4500"}],"wp:attachment":[{"href":"https:\/\/5jobs.eu\/pl\/wp-json\/wp\/v2\/media?parent=4500"}],"curies":[{"name":"wp","href":"https:\/\/api.w.org\/{rel}","templated":true}]}}